{"id":119,"date":"2022-12-01T11:11:00","date_gmt":"2022-12-01T10:11:00","guid":{"rendered":"http:\/\/muzeummuzyczne.pl\/?p=119"},"modified":"2023-03-30T10:39:53","modified_gmt":"2023-03-30T08:39:53","slug":"posluchaj-co-w-trawie-piszczy-dzien-otwarty","status":"publish","type":"post","link":"http:\/\/muzeummuzyczne.pl\/?p=119","title":{"rendered":"&#8220;Pos\u0142uchaj, co w trawie piszczy&#8221; &#8211; Dzie\u0144 Otwarty"},"content":{"rendered":"\n<p>1 grudnia mia\u0142 miejsce dzie\u0144 otwarty naszej fundacji. By\u0142a to wspania\u0142a okazja na wys\u0142uchanie koncert\u00f3w naszych rodzimych muzyk\u00f3w, a tak\u017ce zobaczenia sprz\u0119tu muzycznego sprzed lat.<\/p>\n\n\n\n<p>Serdecznie dzi\u0119kujemy wszystkim, kt\u00f3rzy przyczynili si\u0119 do sukcesu tego wydarzenia!<\/p>\n\n\n\n<div class=\"wp-block-columns is-layout-flex wp-container-core-columns-is-layout-9d6595d7 wp-block-columns-is-layout-flex\">\n<div class=\"wp-block-column is-layout-flow wp-block-column-is-layout-flow\" style=\"flex-basis:100%\">\n<figure class=\"wp-block-gallery has-nested-images columns-1 is-cropped wp-block-gallery-1 is-layout-flex wp-block-gallery-is-layout-flex\">\n<figure class=\"wp-block-image size-full is-style-rounded\"><img loading=\"lazy\" decoding=\"async\" width=\"2048\" height=\"1536\" data-id=\"121\" src=\"http:\/\/muzeummuzyczne.pl\/wp-content\/uploads\/2022\/12\/317240928_206626418415407_8398883343708402823_n.jpg\" alt=\"\" class=\"wp-image-121\" srcset=\"http:\/\/muzeummuzyczne.pl\/wp-content\/uploads\/2022\/12\/317240928_206626418415407_8398883343708402823_n.jpg 2048w, http:\/\/muzeummuzyczne.pl\/wp-content\/uploads\/2022\/12\/317240928_206626418415407_8398883343708402823_n-300x225.jpg 300w, http:\/\/muzeummuzyczne.pl\/wp-content\/uploads\/2022\/12\/317240928_206626418415407_8398883343708402823_n-1024x768.jpg 1024w, http:\/\/muzeummuzyczne.pl\/wp-content\/uploads\/2022\/12\/317240928_206626418415407_8398883343708402823_n-768x576.jpg 768w, http:\/\/muzeummuzyczne.pl\/wp-content\/uploads\/2022\/12\/317240928_206626418415407_8398883343708402823_n-1536x1152.jpg 1536w, http:\/\/muzeummuzyczne.pl\/wp-content\/uploads\/2022\/12\/317240928_206626418415407_8398883343708402823_n-1200x900.jpg 1200w, http:\/\/muzeummuzyczne.pl\/wp-content\/uploads\/2022\/12\/317240928_206626418415407_8398883343708402823_n-1980x1485.jpg 1980w\" sizes=\"auto, (max-width: 2048px) 100vw, 2048px\" \/><figcaption class=\"wp-element-caption\">Kapela Burs\u00f3w<\/figcaption><\/figure>\n\n\n\n<figure class=\"wp-block-image size-full is-style-rounded\"><img loading=\"lazy\" decoding=\"async\" width=\"2048\" height=\"1536\" data-id=\"122\" src=\"http:\/\/muzeummuzyczne.pl\/wp-content\/uploads\/2022\/12\/317848866_206626461748736_3241736439592631073_n.jpg\" alt=\"\" class=\"wp-image-122\" srcset=\"http:\/\/muzeummuzyczne.pl\/wp-content\/uploads\/2022\/12\/317848866_206626461748736_3241736439592631073_n.jpg 2048w, http:\/\/muzeummuzyczne.pl\/wp-content\/uploads\/2022\/12\/317848866_206626461748736_3241736439592631073_n-300x225.jpg 300w, http:\/\/muzeummuzyczne.pl\/wp-content\/uploads\/2022\/12\/317848866_206626461748736_3241736439592631073_n-1024x768.jpg 1024w, http:\/\/muzeummuzyczne.pl\/wp-content\/uploads\/2022\/12\/317848866_206626461748736_3241736439592631073_n-768x576.jpg 768w, http:\/\/muzeummuzyczne.pl\/wp-content\/uploads\/2022\/12\/317848866_206626461748736_3241736439592631073_n-1536x1152.jpg 1536w, http:\/\/muzeummuzyczne.pl\/wp-content\/uploads\/2022\/12\/317848866_206626461748736_3241736439592631073_n-1200x900.jpg 1200w, http:\/\/muzeummuzyczne.pl\/wp-content\/uploads\/2022\/12\/317848866_206626461748736_3241736439592631073_n-1980x1485.jpg 1980w\" sizes=\"auto, (max-width: 2048px) 100vw, 2048px\" \/><figcaption class=\"wp-element-caption\">Igor Zawisza \/ DJ Thrill<\/figcaption><\/figure>\n\n\n\n<figure class=\"wp-block-image size-full is-style-rounded\"><img loading=\"lazy\" decoding=\"async\" width=\"960\" height=\"720\" data-id=\"120\" src=\"http:\/\/muzeummuzyczne.pl\/wp-content\/uploads\/2022\/12\/317932245_206626361748746_8399369795686951939_n.jpg\" alt=\"\" class=\"wp-image-120\" srcset=\"http:\/\/muzeummuzyczne.pl\/wp-content\/uploads\/2022\/12\/317932245_206626361748746_8399369795686951939_n.jpg 960w, http:\/\/muzeummuzyczne.pl\/wp-content\/uploads\/2022\/12\/317932245_206626361748746_8399369795686951939_n-300x225.jpg 300w, http:\/\/muzeummuzyczne.pl\/wp-content\/uploads\/2022\/12\/317932245_206626361748746_8399369795686951939_n-768x576.jpg 768w\" sizes=\"auto, (max-width: 960px) 100vw, 960px\" \/><figcaption class=\"wp-element-caption\">Rafa\u0142 Balicki, Ma\u0142gorzata Matracka i soli\u015bci ze Studia Piosenki &#8220;Fermata&#8221; przy MDK w Radomiu<\/figcaption><\/figure>\n<\/figure>\n<\/div>\n<\/div>\n\n\n\n<figure class=\"wp-block-video\"><\/figure>\n","protected":false},"excerpt":{"rendered":"<p>1 grudnia mia\u0142 miejsce dzie\u0144 otwarty naszej fundacji. By\u0142a to wspania\u0142a okazja na wys\u0142uchanie koncert\u00f3w naszych rodzimych muzyk\u00f3w, a tak\u017ce zobaczenia sprz\u0119tu muzycznego sprzed lat. Serdecznie dzi\u0119kujemy wszystkim, kt\u00f3rzy przyczynili si\u0119 do sukcesu tego wydarzenia!<\/p>\n","protected":false},"author":1,"featured_media":0,"comment_status":"open","ping_status":"open","sticky":false,"template":"","format":"standard","meta":{"footnotes":""},"categories":[1],"tags":[],"class_list":["post-119","post","type-post","status-publish","format-standard","hentry","category-bez-kategorii"],"_links":{"self":[{"href":"http:\/\/muzeummuzyczne.pl\/index.php?rest_route=\/wp\/v2\/posts\/119","targetHints":{"allow":["GET"]}}],"collection":[{"href":"http:\/\/muzeummuzyczne.pl\/index.php?rest_route=\/wp\/v2\/posts"}],"about":[{"href":"http:\/\/muzeummuzyczne.pl\/index.php?rest_route=\/wp\/v2\/types\/post"}],"author":[{"embeddable":true,"href":"http:\/\/muzeummuzyczne.pl\/index.php?rest_route=\/wp\/v2\/users\/1"}],"replies":[{"embeddable":true,"href":"http:\/\/muzeummuzyczne.pl\/index.php?rest_route=%2Fwp%2Fv2%2Fcomments&post=119"}],"version-history":[{"count":1,"href":"http:\/\/muzeummuzyczne.pl\/index.php?rest_route=\/wp\/v2\/posts\/119\/revisions"}],"predecessor-version":[{"id":124,"href":"http:\/\/muzeummuzyczne.pl\/index.php?rest_route=\/wp\/v2\/posts\/119\/revisions\/124"}],"wp:attachment":[{"href":"http:\/\/muzeummuzyczne.pl\/index.php?rest_route=%2Fwp%2Fv2%2Fmedia&parent=119"}],"wp:term":[{"taxonomy":"category","embeddable":true,"href":"http:\/\/muzeummuzyczne.pl\/index.php?rest_route=%2Fwp%2Fv2%2Fcategories&post=119"},{"taxonomy":"post_tag","embeddable":true,"href":"http:\/\/muzeummuzyczne.pl\/index.php?rest_route=%2Fwp%2Fv2%2Ftags&post=119"}],"curies":[{"name":"wp","href":"https:\/\/api.w.org\/{rel}","templated":true}]}}